{"id":6986,"date":"2025-03-25T12:56:02","date_gmt":"2025-03-25T11:56:02","guid":{"rendered":"https:\/\/evome.hr\/?p=6986"},"modified":"2026-02-25T10:00:22","modified_gmt":"2026-02-25T09:00:22","slug":"udruga-tocka-potpisala-projekt-stemafor","status":"publish","type":"post","link":"https:\/\/evome.hr\/?p=6986","title":{"rendered":"Udruga To\u010dka potpisala projekt STEMAFOR"},"content":{"rendered":"<style type=\"text\/css\"><\/style><div id=\"cmsmasters_row_69f126467340d6_52909012\" class=\"cmsmasters_row cmsmasters_color_scheme_default cmsmasters_row_top_default cmsmasters_row_bot_default cmsmasters_row_boxed\">\n<div class=\"cmsmasters_row_outer_parent\">\n<div class=\"cmsmasters_row_outer\">\n<div class=\"cmsmasters_row_inner\">\n<div class=\"cmsmasters_row_margin\">\n<div class=\"cmsmasters_column one_first\">\n<div class=\"cmsmasters_text\">\n<p>Kre\u0107emo u STEM avanturu! U suradnji s 5 rije\u010dkih \u0161kola i Tehni\u010dkim fakultetom u Rijeci, Udruga To\u010dka \u0107e kroz naredne 3 godine odr\u017eat \u010dak 360 STEM radionica za 900 u\u010denika te organizirati 36 STEM sajmova i izlo\u017ebi diljem Rijeke.<\/p>\n<\/p>\n<p>Cilj nam je kroz zabavne eksperimente i prakti\u010dne radionice pove\u0107ati interes mladih za STEM podru\u010dja (znanost, tehnologiju, in\u017eenjerstvo i matematiku).<\/p>\n<\/p>\n<p>Projekt STEMAFOR sufinanciran je sredstvima Europske unije iz programa Europski socijalni fond plus (ESF+) \u2013 U\u010dinkoviti ljudski potencijali 2021.-2027 i provodi se u suradnji s Nacionalnom zakladom za razvoj civilnoga dru\u0161tva.<img loading=\"lazy\" decoding=\"async\" src=\"https:\/\/static.xx.fbcdn.net\/images\/emoji.php\/v9\/tdd\/1\/16\/1f1ea_1f1fa.png\" alt=\"\ud83c\uddea\ud83c\uddfa\" width=\"16\" height=\"16\" \/><img loading=\"lazy\" decoding=\"async\" src=\"https:\/\/static.xx.fbcdn.net\/images\/emoji.php\/v9\/tf6\/1\/16\/1f1ed_1f1f7.png\" alt=\"\ud83c\udded\ud83c\uddf7\" width=\"16\" height=\"16\" \/><\/p>\n<\/p>\n<p>Radujemo se provo\u0111enju projekta i promicanju znanosti me\u0111u mladima u Rijeci!<\/p>\n<\/p>\n<\/div>\n<\/div>\n<\/div>\n<\/div>\n<\/div>\n<\/div>\n<\/div>\n","protected":false},"excerpt":{"rendered":"<p>Kre\u0107emo u STEM avanturu! U suradnji s 5 rije\u010dkih \u0161kola i Tehni\u010dkim fakultetom u Rijeci, Udruga To\u010dka \u0107e kroz naredne 3 godine odr\u017eat \u010dak 360 STEM radionica za 900 u\u010denika te organizirati 36 STEM sajmova i izlo\u017ebi diljem Rijeke.<\/p>\n","protected":false},"author":1,"featured_media":6987,"comment_status":"closed","ping_status":"closed","sticky":false,"template":"","format":"standard","meta":{"footnotes":""},"categories":[1],"tags":[],"class_list":["post-6986","post","type-post","status-publish","format-standard","has-post-thumbnail","hentry","category-uncategorized"],"_links":{"self":[{"href":"https:\/\/evome.hr\/index.php?rest_route=\/wp\/v2\/posts\/6986","targetHints":{"allow":["GET"]}}],"collection":[{"href":"https:\/\/evome.hr\/index.php?rest_route=\/wp\/v2\/posts"}],"about":[{"href":"https:\/\/evome.hr\/index.php?rest_route=\/wp\/v2\/types\/post"}],"author":[{"embeddable":true,"href":"https:\/\/evome.hr\/index.php?rest_route=\/wp\/v2\/users\/1"}],"replies":[{"embeddable":true,"href":"https:\/\/evome.hr\/index.php?rest_route=%2Fwp%2Fv2%2Fcomments&post=6986"}],"version-history":[{"count":4,"href":"https:\/\/evome.hr\/index.php?rest_route=\/wp\/v2\/posts\/6986\/revisions"}],"predecessor-version":[{"id":7145,"href":"https:\/\/evome.hr\/index.php?rest_route=\/wp\/v2\/posts\/6986\/revisions\/7145"}],"wp:featuredmedia":[{"embeddable":true,"href":"https:\/\/evome.hr\/index.php?rest_route=\/wp\/v2\/media\/6987"}],"wp:attachment":[{"href":"https:\/\/evome.hr\/index.php?rest_route=%2Fwp%2Fv2%2Fmedia&parent=6986"}],"wp:term":[{"taxonomy":"category","embeddable":true,"href":"https:\/\/evome.hr\/index.php?rest_route=%2Fwp%2Fv2%2Fcategories&post=6986"},{"taxonomy":"post_tag","embeddable":true,"href":"https:\/\/evome.hr\/index.php?rest_route=%2Fwp%2Fv2%2Ftags&post=6986"}],"curies":[{"name":"wp","href":"https:\/\/api.w.org\/{rel}","templated":true}]}}